{"id":210,"date":"2023-12-21T10:31:23","date_gmt":"2023-12-21T09:31:23","guid":{"rendered":"http:\/\/iks-spartakus.kozminwlkp.pl\/?p=210"},"modified":"2023-12-21T10:31:25","modified_gmt":"2023-12-21T09:31:25","slug":"podsumowanie-walnego-zebrania","status":"publish","type":"post","link":"https:\/\/iks-spartakus.kozminwlkp.pl\/index.php\/2023\/12\/21\/podsumowanie-walnego-zebrania\/","title":{"rendered":"Podsumowanie Walnego Zebrania"},"content":{"rendered":"\n<p>Dnia 7 grudnia 2023 roku o godzinie 18.45\u00a0w restauracji \u201ePod Szyszkami\u201d odby\u0142o si\u0119 Walne Zebranie Sprawozdawczo \u2013 Wyborcze Cz\u0142onk\u00f3w Integracyjnego Klubu Sportowego &#8222;Spartakus&#8221;. <\/p>\n\n\n\n<p>Podczas obrad dokonano podsumowania dzia\u0142alno\u015bci Zarz\u0105du w latach 2021-2022 oraz udzielono absolutorium ust\u0119puj\u0105cemu Zarz\u0105dowi. Przeprowadzono wybory do nowego Zarz\u0105du IKS &#8222;Spartakus&#8221; oraz wybrano nowych cz\u0142onk\u00f3w Komisji Rewizyjnej. <\/p>\n\n\n\n<p>W wyniku wybor\u00f3w ukszta\u0142towa\u0142 si\u0119 nast\u0119puj\u0105cych sk\u0142ad nowego <strong>Zarz\u0105du IKS &#8222;Spartakus&#8221; w Ko\u017aminie Wielkopolskim<\/strong>:<\/p>\n\n\n\n<ol class=\"wp-block-list\">\n<li>Jaros\u0142aw Kucharski (prezes)<\/li>\n\n\n\n<li>Marek Mastalierz (wiceprezes)<\/li>\n\n\n\n<li>Micha\u0142 Mastalierz (sekretarz)<\/li>\n\n\n\n<li>Arkadiusz Zmy\u015blony<\/li>\n\n\n\n<li>Krzysztof Michalak<\/li>\n<\/ol>\n\n\n\n<p>Sk\u0142ad nowej <strong>Komisji Rewizyjnej<\/strong>:<\/p>\n\n\n\n<ol class=\"wp-block-list\">\n<li>Henryk Baszy\u0144ski (przewodnicz\u0105cy)<\/li>\n\n\n\n<li>Jakub Nowak<\/li>\n\n\n\n<li>Tobiasz Walczak<\/li>\n<\/ol>\n\n\n\n<p>Podczas obrad ustalono nowe stawki sk\u0142adek cz\u0142onkowskich oraz op\u0142aty wpisowej. Poniewa\u017c od wielu lat nie zmienia\u0142y si\u0119 op\u0142aty cz\u0142onkowskie podj\u0119to decyzj\u0119 o zwi\u0119kszeniu wszystkich sk\u0142adek i op\u0142at o 100%. Zaproponowane nowe stawki zosta\u0142y przyj\u0119te poprzez g\u0142osowanie. <\/p>\n\n\n\n<ol class=\"wp-block-list\">\n<li><strong>Wpisowe \u2013 200 PLN<\/strong> (m\u0142odzie\u017c do 21 roku \u017cycia, niepe\u0142nosprawni i emeryci 100 PLN).<\/li>\n\n\n\n<li><strong>Roczna sk\u0142adka cz\u0142onkowska:<\/strong>\n<ul class=\"wp-block-list\">\n<li><strong>200 PLN<\/strong> (rezerwacja 1,5h\/tydzie\u0144)<\/li>\n\n\n\n<li><strong>100 PLN<\/strong> (osoby niepe\u0142nosprawne, emeryci i m\u0142odzie\u017c do 21 roku \u017cycia)<\/li>\n\n\n\n<li><strong>80 PLN<\/strong> &#8211; sk\u0142adka podtrzymuj\u0105ca dla cz\u0142onk\u00f3w IKS \u201eSPARTAKUS\u201d oraz grupy AGK<\/li>\n<\/ul>\n<\/li>\n<\/ol>\n\n\n\n<p class=\"has-text-align-right\"><strong>Zarz\u0105d IKS &#8222;Spartakus&#8221;<\/strong><\/p>\n\n\n\n<p><\/p>\n","protected":false},"excerpt":{"rendered":"<p>Dnia 7 grudnia 2023 roku o godzinie 18.45\u00a0w restauracji \u201ePod Szyszkami\u201d odby\u0142o si\u0119 Walne Zebranie Sprawozdawczo \u2013 Wyborcze Cz\u0142onk\u00f3w Integracyjnego Klubu Sportowego &#8222;Spartakus&#8221;. Podczas obrad&hellip;<\/p>\n","protected":false},"author":1,"featured_media":0,"comment_status":"open","ping_status":"open","sticky":false,"template":"","format":"standard","meta":{"footnotes":""},"categories":[4],"tags":[],"class_list":["post-210","post","type-post","status-publish","format-standard","hentry","category-news"],"_links":{"self":[{"href":"https:\/\/iks-spartakus.kozminwlkp.pl\/index.php\/wp-json\/wp\/v2\/posts\/210","targetHints":{"allow":["GET"]}}],"collection":[{"href":"https:\/\/iks-spartakus.kozminwlkp.pl\/index.php\/wp-json\/wp\/v2\/posts"}],"about":[{"href":"https:\/\/iks-spartakus.kozminwlkp.pl\/index.php\/wp-json\/wp\/v2\/types\/post"}],"author":[{"embeddable":true,"href":"https:\/\/iks-spartakus.kozminwlkp.pl\/index.php\/wp-json\/wp\/v2\/users\/1"}],"replies":[{"embeddable":true,"href":"https:\/\/iks-spartakus.kozminwlkp.pl\/index.php\/wp-json\/wp\/v2\/comments?post=210"}],"version-history":[{"count":1,"href":"https:\/\/iks-spartakus.kozminwlkp.pl\/index.php\/wp-json\/wp\/v2\/posts\/210\/revisions"}],"predecessor-version":[{"id":211,"href":"https:\/\/iks-spartakus.kozminwlkp.pl\/index.php\/wp-json\/wp\/v2\/posts\/210\/revisions\/211"}],"wp:attachment":[{"href":"https:\/\/iks-spartakus.kozminwlkp.pl\/index.php\/wp-json\/wp\/v2\/media?parent=210"}],"wp:term":[{"taxonomy":"category","embeddable":true,"href":"https:\/\/iks-spartakus.kozminwlkp.pl\/index.php\/wp-json\/wp\/v2\/categories?post=210"},{"taxonomy":"post_tag","embeddable":true,"href":"https:\/\/iks-spartakus.kozminwlkp.pl\/index.php\/wp-json\/wp\/v2\/tags?post=210"}],"curies":[{"name":"wp","href":"https:\/\/api.w.org\/{rel}","templated":true}]}}